{"id":1867,"date":"2023-03-22T11:00:19","date_gmt":"2023-03-22T11:00:19","guid":{"rendered":"https:\/\/claner.es\/?p=1867"},"modified":"2023-07-31T18:58:02","modified_gmt":"2023-07-31T18:58:02","slug":"proyecto-movegreen-presentacion-del-diagnostico-en-tanger","status":"publish","type":"post","link":"https:\/\/claner.es\/en\/2023\/03\/22\/proyecto-movegreen-presentacion-del-diagnostico-en-tanger\/","title":{"rendered":"MoveGreen Project: Presentation of the diagnosis in Tangier"},"content":{"rendered":"<p><\/p>\n<p style=\"font-weight: 400;\"><strong>22nd March 2023. &#8211;<\/strong> CLANER presented the &#8220;Diagnosis on the most sought-after professional skills in the circular economy sector in Andalusia and Morocco&#8221; at the insertion and employment day, held in Tangier on Wednesday 22 March 2023.<\/p>\n<p>&nbsp;<\/p>\n<p><img loading=\"lazy\" decoding=\"async\" class=\"aligncenter wp-image-1874 \" src=\"https:\/\/claner.es\/wp-content\/uploads\/2023\/07\/MoveGreen_3.3_1-1024x573.jpg\" width=\"779\" height=\"436\" srcset=\"https:\/\/claner.es\/wp-content\/uploads\/2023\/07\/MoveGreen_3.3_1-1024x573.jpg 1024w, https:\/\/claner.es\/wp-content\/uploads\/2023\/07\/MoveGreen_3.3_1-300x168.jpg 300w, https:\/\/claner.es\/wp-content\/uploads\/2023\/07\/MoveGreen_3.3_1-768x430.jpg 768w, https:\/\/claner.es\/wp-content\/uploads\/2023\/07\/MoveGreen_3.3_1-700x392.jpg 700w, https:\/\/claner.es\/wp-content\/uploads\/2023\/07\/MoveGreen_3.3_1-539x303.jpg 539w, https:\/\/claner.es\/wp-content\/uploads\/2023\/07\/MoveGreen_3.3_1.jpg 1400w\" sizes=\"auto, (max-width: 779px) 100vw, 779px\" \/><\/p>\n<p>Related news:<\/p>\n<ul>\n<li><a href=\"http:\/\/www.andaluciasolidaria.org\/noticias\/item\/1817-una-jornada-institucional-analiza-vias-de-apoyo-a-la-insercion-laboral-y-el-autoempleo-del-primer-grupo-capacitado-por-el-proyecto-move-green\">Una jornada institucional analiza v\u00edas de apoyo a la inserci\u00f3n laboral y el autoempleo del primer grupo capacitado por el proyecto &#8216;Move Green<\/a><\/li>\n<li>\n<p class=\"post_title\"><a href=\"http:\/\/www.an-mar.org\/2023\/02\/move-green-anapec-acoge-una-jornada-para-la-insercion-y-el-empleo\/\">MOVE GREEN. ANAPEC acoge una jornada para la inserci\u00f3n y el empleo<\/a><\/p>\n<\/li>\n<\/ul>\n<p>&#8212;<\/p>\n<p>&nbsp;<\/p>\n<p>&nbsp;<\/p>\n<p style=\"font-weight: 400;\"><strong>About CLANER<\/strong><\/p>\n<p>The Andalusian Renewable Energy Association (CLANER), with more than 20 years of experience, is a group of companies, official bodies, technology and research centres, universities and public foundations, among other agents.<\/p>\n<p>Its aims include the representation and defence of the Andalusian renewable energy and energy efficiency sector, as well as the promotion and encouragement of research, technological development and innovation of products, processes and services associated with this field through collaboration and cooperation between the members of the cluster in order to strengthen the competitiveness of Andalusian companies in the clean energy sector.<\/p>\n<p>The members of the association, which currently has more than 140 member companies and represents more than 90 percent of the Andalusian renewable energy sector, include Andaluc\u00eda Tech, the Centre for Energy, Environmental and Technological Research (CIEMAT), part of the Ministry of Economy and Competitiveness, the University of Ja\u00e9n, the Pablo Olavide University in Seville, the Descubre Foundation, municipal and provincial energy agencies, as well as the main renewable energy companies in Spain and the electricity company Endesa Distribuci\u00f3n.<\/p>\n<p>&#8212;<\/p>\n<p><span style=\"font-size: 10pt;\"><em>For further information or to arrange interviews with CLANER management, please contact the Communications Department on 676 46 57 00; 951 910 401 or 951 910 401, or\u00a0\u00a0<a href=\"mailto:comunicacion@claner.es\">comunicacion@claner.es<\/a><\/em><\/span><\/p>\n<p><span style=\"font-size: 10pt;\"><em>\u00a0<\/em><\/span><\/p>","protected":false},"excerpt":{"rendered":"<p>22nd March 2023. &#8211; CLANER presented the &#8220;Diagnosis on the most sought-after professional skills in the circular economy sector in Andalusia and Morocco&#8221; at the insertion and employment day, held in Tangier on Wednesday 22 March 2023. &nbsp; Related news: Una jornada institucional analiza v\u00edas&#8230;<\/p>\n","protected":false},"author":1,"featured_media":1875,"comment_status":"open","ping_status":"open","sticky":false,"template":"","format":"standard","meta":{"footnotes":""},"categories":[3,7],"tags":[],"class_list":["post-1867","post","type-post","status-publish","format-standard","has-post-thumbnail","hentry","category-general","category-movegreen"],"yoast_head":"<!-- This site is optimized with the Yoast SEO plugin v25.5 - https:\/\/yoast.com\/wordpress\/plugins\/seo\/ -->\n<title>MoveGreen Project: Presentation of the diagnosis in Tangier - CLANER<\/title>\n<meta name=\"robots\" content=\"index, follow, max-snippet:-1, max-image-preview:large, max-video-preview:-1\" \/>\n<link rel=\"canonical\" href=\"https:\/\/claner.es\/2023\/03\/22\/proyecto-movegreen-presentacion-del-diagnostico-en-tanger\/\" \/>\n<meta property=\"og:locale\" content=\"en_US\" \/>\n<meta property=\"og:type\" content=\"article\" \/>\n<meta property=\"og:title\" content=\"[:es]Proyecto MoveGreen: Presentaci\u00f3n del diagn\u00f3stico en T\u00e1nger[:en]MoveGreen Project: Presentation of the diagnosis in Tangier[:] - CLANER\" \/>\n<meta property=\"og:description\" content=\"22nd March 2023. &#8211; CLANER presented the &#8220;Diagnosis on the most sought-after professional skills in the circular economy sector in Andalusia and Morocco&#8221; at the insertion and employment day, held in Tangier on Wednesday 22 March 2023. &nbsp; Related news: Una jornada institucional analiza v\u00edas...\" \/>\n<meta property=\"og:url\" content=\"https:\/\/claner.es\/2023\/03\/22\/proyecto-movegreen-presentacion-del-diagnostico-en-tanger\/\" \/>\n<meta property=\"og:site_name\" content=\"CLANER\" \/>\n<meta property=\"article:published_time\" content=\"2023-03-22T11:00:19+00:00\" \/>\n<meta property=\"article:modified_time\" content=\"2023-07-31T18:58:02+00:00\" \/>\n<meta property=\"og:image\" content=\"https:\/\/claner.es\/wp-content\/uploads\/2023\/07\/MoveGreen_3.3_2.jpg\" \/>\n\t<meta property=\"og:image:width\" content=\"1400\" \/>\n\t<meta property=\"og:image:height\" content=\"784\" \/>\n\t<meta property=\"og:image:type\" content=\"image\/jpeg\" \/>\n<meta name=\"author\" content=\"CLANER\" \/>\n<meta name=\"twitter:card\" content=\"summary_large_image\" \/>\n<meta name=\"twitter:label1\" content=\"Written by\" \/>\n\t<meta name=\"twitter:data1\" content=\"CLANER\" \/>\n\t<meta name=\"twitter:label2\" content=\"Est. reading time\" \/>\n\t<meta name=\"twitter:data2\" content=\"3 minutes\" \/>\n<script type=\"application\/ld+json\" class=\"yoast-schema-graph\">{\"@context\":\"https:\/\/schema.org\",\"@graph\":[{\"@type\":\"Article\",\"@id\":\"https:\/\/claner.es\/2023\/03\/22\/proyecto-movegreen-presentacion-del-diagnostico-en-tanger\/#article\",\"isPartOf\":{\"@id\":\"https:\/\/claner.es\/2023\/03\/22\/proyecto-movegreen-presentacion-del-diagnostico-en-tanger\/\"},\"author\":{\"name\":\"CLANER\",\"@id\":\"https:\/\/claner.es\/#\/schema\/person\/65ca45bc9686b7e7505464134d8e2faf\"},\"headline\":\"MoveGreen Project: Presentation of the diagnosis in Tangier\",\"datePublished\":\"2023-03-22T11:00:19+00:00\",\"dateModified\":\"2023-07-31T18:58:02+00:00\",\"mainEntityOfPage\":{\"@id\":\"https:\/\/claner.es\/2023\/03\/22\/proyecto-movegreen-presentacion-del-diagnostico-en-tanger\/\"},\"wordCount\":635,\"commentCount\":0,\"publisher\":{\"@id\":\"https:\/\/claner.es\/#organization\"},\"image\":{\"@id\":\"https:\/\/claner.es\/2023\/03\/22\/proyecto-movegreen-presentacion-del-diagnostico-en-tanger\/#primaryimage\"},\"thumbnailUrl\":\"https:\/\/claner.es\/wp-content\/uploads\/2023\/07\/MoveGreen_3.3_2.jpg\",\"articleSection\":[\"\",\"MoveGreen\"],\"inLanguage\":\"en-US\",\"potentialAction\":[{\"@type\":\"CommentAction\",\"name\":\"Comment\",\"target\":[\"https:\/\/claner.es\/2023\/03\/22\/proyecto-movegreen-presentacion-del-diagnostico-en-tanger\/#respond\"]}]},{\"@type\":\"WebPage\",\"@id\":\"https:\/\/claner.es\/2023\/03\/22\/proyecto-movegreen-presentacion-del-diagnostico-en-tanger\/\",\"url\":\"https:\/\/claner.es\/2023\/03\/22\/proyecto-movegreen-presentacion-del-diagnostico-en-tanger\/\",\"name\":\"[:es]Proyecto MoveGreen: Presentaci\u00f3n del diagn\u00f3stico en T\u00e1nger[:en]MoveGreen Project: Presentation of the diagnosis in Tangier[:] - CLANER\",\"isPartOf\":{\"@id\":\"https:\/\/claner.es\/#website\"},\"primaryImageOfPage\":{\"@id\":\"https:\/\/claner.es\/2023\/03\/22\/proyecto-movegreen-presentacion-del-diagnostico-en-tanger\/#primaryimage\"},\"image\":{\"@id\":\"https:\/\/claner.es\/2023\/03\/22\/proyecto-movegreen-presentacion-del-diagnostico-en-tanger\/#primaryimage\"},\"thumbnailUrl\":\"https:\/\/claner.es\/wp-content\/uploads\/2023\/07\/MoveGreen_3.3_2.jpg\",\"datePublished\":\"2023-03-22T11:00:19+00:00\",\"dateModified\":\"2023-07-31T18:58:02+00:00\",\"breadcrumb\":{\"@id\":\"https:\/\/claner.es\/2023\/03\/22\/proyecto-movegreen-presentacion-del-diagnostico-en-tanger\/#breadcrumb\"},\"inLanguage\":\"en-US\",\"potentialAction\":[{\"@type\":\"ReadAction\",\"target\":[\"https:\/\/claner.es\/2023\/03\/22\/proyecto-movegreen-presentacion-del-diagnostico-en-tanger\/\"]}]},{\"@type\":\"ImageObject\",\"inLanguage\":\"en-US\",\"@id\":\"https:\/\/claner.es\/2023\/03\/22\/proyecto-movegreen-presentacion-del-diagnostico-en-tanger\/#primaryimage\",\"url\":\"https:\/\/claner.es\/wp-content\/uploads\/2023\/07\/MoveGreen_3.3_2.jpg\",\"contentUrl\":\"https:\/\/claner.es\/wp-content\/uploads\/2023\/07\/MoveGreen_3.3_2.jpg\",\"width\":1400,\"height\":784},{\"@type\":\"BreadcrumbList\",\"@id\":\"https:\/\/claner.es\/2023\/03\/22\/proyecto-movegreen-presentacion-del-diagnostico-en-tanger\/#breadcrumb\",\"itemListElement\":[{\"@type\":\"ListItem\",\"position\":1,\"name\":\"Portada\",\"item\":\"https:\/\/claner.es\/\"},{\"@type\":\"ListItem\",\"position\":2,\"name\":\"Proyecto MoveGreen: Presentaci\u00f3n del diagn\u00f3stico en T\u00e1nger\"}]},{\"@type\":\"WebSite\",\"@id\":\"https:\/\/claner.es\/#website\",\"url\":\"https:\/\/claner.es\/\",\"name\":\"CLANER\",\"description\":\"Asociaci\u00f3n de Energ\u00edas Renovables de Andaluc\u00eda\",\"publisher\":{\"@id\":\"https:\/\/claner.es\/#organization\"},\"potentialAction\":[{\"@type\":\"SearchAction\",\"target\":{\"@type\":\"EntryPoint\",\"urlTemplate\":\"https:\/\/claner.es\/?s={search_term_string}\"},\"query-input\":{\"@type\":\"PropertyValueSpecification\",\"valueRequired\":true,\"valueName\":\"search_term_string\"}}],\"inLanguage\":\"en-US\"},{\"@type\":\"Organization\",\"@id\":\"https:\/\/claner.es\/#organization\",\"name\":\"CLANER\",\"url\":\"https:\/\/claner.es\/\",\"logo\":{\"@type\":\"ImageObject\",\"inLanguage\":\"en-US\",\"@id\":\"https:\/\/claner.es\/#\/schema\/logo\/image\/\",\"url\":\"https:\/\/claner.es\/wp-content\/uploads\/2025\/03\/Logo_Claner_descriptor_Asociacion.svg\",\"contentUrl\":\"https:\/\/claner.es\/wp-content\/uploads\/2025\/03\/Logo_Claner_descriptor_Asociacion.svg\",\"width\":571,\"height\":139,\"caption\":\"CLANER\"},\"image\":{\"@id\":\"https:\/\/claner.es\/#\/schema\/logo\/image\/\"}},{\"@type\":\"Person\",\"@id\":\"https:\/\/claner.es\/#\/schema\/person\/65ca45bc9686b7e7505464134d8e2faf\",\"name\":\"CLANER\",\"image\":{\"@type\":\"ImageObject\",\"inLanguage\":\"en-US\",\"@id\":\"https:\/\/claner.es\/#\/schema\/person\/image\/\",\"url\":\"https:\/\/secure.gravatar.com\/avatar\/33cd832520e41929893a8e50401417ef?s=96&d=mm&r=g\",\"contentUrl\":\"https:\/\/secure.gravatar.com\/avatar\/33cd832520e41929893a8e50401417ef?s=96&d=mm&r=g\",\"caption\":\"CLANER\"},\"url\":\"https:\/\/claner.es\/en\/author\/claneruser\/\"}]}<\/script>\n<!-- \/ Yoast SEO plugin. -->","yoast_head_json":{"title":"[:es]Proyecto MoveGreen: Presentaci\u00f3n del diagn\u00f3stico en T\u00e1nger[:en]MoveGreen Project: Presentation of the diagnosis in Tangier[:] - CLANER","robots":{"index":"index","follow":"follow","max-snippet":"max-snippet:-1","max-image-preview":"max-image-preview:large","max-video-preview":"max-video-preview:-1"},"canonical":"https:\/\/claner.es\/2023\/03\/22\/proyecto-movegreen-presentacion-del-diagnostico-en-tanger\/","og_locale":"en_US","og_type":"article","og_title":"[:es]Proyecto MoveGreen: Presentaci\u00f3n del diagn\u00f3stico en T\u00e1nger[:en]MoveGreen Project: Presentation of the diagnosis in Tangier[:] - CLANER","og_description":"22nd March 2023. &#8211; CLANER presented the &#8220;Diagnosis on the most sought-after professional skills in the circular economy sector in Andalusia and Morocco&#8221; at the insertion and employment day, held in Tangier on Wednesday 22 March 2023. &nbsp; Related news: Una jornada institucional analiza v\u00edas...","og_url":"https:\/\/claner.es\/2023\/03\/22\/proyecto-movegreen-presentacion-del-diagnostico-en-tanger\/","og_site_name":"CLANER","article_published_time":"2023-03-22T11:00:19+00:00","article_modified_time":"2023-07-31T18:58:02+00:00","og_image":[{"width":1400,"height":784,"url":"https:\/\/claner.es\/wp-content\/uploads\/2023\/07\/MoveGreen_3.3_2.jpg","type":"image\/jpeg"}],"author":"CLANER","twitter_card":"summary_large_image","twitter_misc":{"Written by":"CLANER","Est. reading time":"3 minutes"},"schema":{"@context":"https:\/\/schema.org","@graph":[{"@type":"Article","@id":"https:\/\/claner.es\/2023\/03\/22\/proyecto-movegreen-presentacion-del-diagnostico-en-tanger\/#article","isPartOf":{"@id":"https:\/\/claner.es\/2023\/03\/22\/proyecto-movegreen-presentacion-del-diagnostico-en-tanger\/"},"author":{"name":"CLANER","@id":"https:\/\/claner.es\/#\/schema\/person\/65ca45bc9686b7e7505464134d8e2faf"},"headline":"MoveGreen Project: Presentation of the diagnosis in Tangier","datePublished":"2023-03-22T11:00:19+00:00","dateModified":"2023-07-31T18:58:02+00:00","mainEntityOfPage":{"@id":"https:\/\/claner.es\/2023\/03\/22\/proyecto-movegreen-presentacion-del-diagnostico-en-tanger\/"},"wordCount":635,"commentCount":0,"publisher":{"@id":"https:\/\/claner.es\/#organization"},"image":{"@id":"https:\/\/claner.es\/2023\/03\/22\/proyecto-movegreen-presentacion-del-diagnostico-en-tanger\/#primaryimage"},"thumbnailUrl":"https:\/\/claner.es\/wp-content\/uploads\/2023\/07\/MoveGreen_3.3_2.jpg","articleSection":["","MoveGreen"],"inLanguage":"en-US","potentialAction":[{"@type":"CommentAction","name":"Comment","target":["https:\/\/claner.es\/2023\/03\/22\/proyecto-movegreen-presentacion-del-diagnostico-en-tanger\/#respond"]}]},{"@type":"WebPage","@id":"https:\/\/claner.es\/2023\/03\/22\/proyecto-movegreen-presentacion-del-diagnostico-en-tanger\/","url":"https:\/\/claner.es\/2023\/03\/22\/proyecto-movegreen-presentacion-del-diagnostico-en-tanger\/","name":"[:es]Proyecto MoveGreen: Presentaci\u00f3n del diagn\u00f3stico en T\u00e1nger[:en]MoveGreen Project: Presentation of the diagnosis in Tangier[:] - CLANER","isPartOf":{"@id":"https:\/\/claner.es\/#website"},"primaryImageOfPage":{"@id":"https:\/\/claner.es\/2023\/03\/22\/proyecto-movegreen-presentacion-del-diagnostico-en-tanger\/#primaryimage"},"image":{"@id":"https:\/\/claner.es\/2023\/03\/22\/proyecto-movegreen-presentacion-del-diagnostico-en-tanger\/#primaryimage"},"thumbnailUrl":"https:\/\/claner.es\/wp-content\/uploads\/2023\/07\/MoveGreen_3.3_2.jpg","datePublished":"2023-03-22T11:00:19+00:00","dateModified":"2023-07-31T18:58:02+00:00","breadcrumb":{"@id":"https:\/\/claner.es\/2023\/03\/22\/proyecto-movegreen-presentacion-del-diagnostico-en-tanger\/#breadcrumb"},"inLanguage":"en-US","potentialAction":[{"@type":"ReadAction","target":["https:\/\/claner.es\/2023\/03\/22\/proyecto-movegreen-presentacion-del-diagnostico-en-tanger\/"]}]},{"@type":"ImageObject","inLanguage":"en-US","@id":"https:\/\/claner.es\/2023\/03\/22\/proyecto-movegreen-presentacion-del-diagnostico-en-tanger\/#primaryimage","url":"https:\/\/claner.es\/wp-content\/uploads\/2023\/07\/MoveGreen_3.3_2.jpg","contentUrl":"https:\/\/claner.es\/wp-content\/uploads\/2023\/07\/MoveGreen_3.3_2.jpg","width":1400,"height":784},{"@type":"BreadcrumbList","@id":"https:\/\/claner.es\/2023\/03\/22\/proyecto-movegreen-presentacion-del-diagnostico-en-tanger\/#breadcrumb","itemListElement":[{"@type":"ListItem","position":1,"name":"Portada","item":"https:\/\/claner.es\/"},{"@type":"ListItem","position":2,"name":"Proyecto MoveGreen: Presentaci\u00f3n del diagn\u00f3stico en T\u00e1nger"}]},{"@type":"WebSite","@id":"https:\/\/claner.es\/#website","url":"https:\/\/claner.es\/","name":"CLANER","description":"Asociaci\u00f3n de Energ\u00edas Renovables de Andaluc\u00eda","publisher":{"@id":"https:\/\/claner.es\/#organization"},"potentialAction":[{"@type":"SearchAction","target":{"@type":"EntryPoint","urlTemplate":"https:\/\/claner.es\/?s={search_term_string}"},"query-input":{"@type":"PropertyValueSpecification","valueRequired":true,"valueName":"search_term_string"}}],"inLanguage":"en-US"},{"@type":"Organization","@id":"https:\/\/claner.es\/#organization","name":"CLANER","url":"https:\/\/claner.es\/","logo":{"@type":"ImageObject","inLanguage":"en-US","@id":"https:\/\/claner.es\/#\/schema\/logo\/image\/","url":"https:\/\/claner.es\/wp-content\/uploads\/2025\/03\/Logo_Claner_descriptor_Asociacion.svg","contentUrl":"https:\/\/claner.es\/wp-content\/uploads\/2025\/03\/Logo_Claner_descriptor_Asociacion.svg","width":571,"height":139,"caption":"CLANER"},"image":{"@id":"https:\/\/claner.es\/#\/schema\/logo\/image\/"}},{"@type":"Person","@id":"https:\/\/claner.es\/#\/schema\/person\/65ca45bc9686b7e7505464134d8e2faf","name":"CLANER","image":{"@type":"ImageObject","inLanguage":"en-US","@id":"https:\/\/claner.es\/#\/schema\/person\/image\/","url":"https:\/\/secure.gravatar.com\/avatar\/33cd832520e41929893a8e50401417ef?s=96&d=mm&r=g","contentUrl":"https:\/\/secure.gravatar.com\/avatar\/33cd832520e41929893a8e50401417ef?s=96&d=mm&r=g","caption":"CLANER"},"url":"https:\/\/claner.es\/en\/author\/claneruser\/"}]}},"_links":{"self":[{"href":"https:\/\/claner.es\/en\/wp-json\/wp\/v2\/posts\/1867","targetHints":{"allow":["GET"]}}],"collection":[{"href":"https:\/\/claner.es\/en\/wp-json\/wp\/v2\/posts"}],"about":[{"href":"https:\/\/claner.es\/en\/wp-json\/wp\/v2\/types\/post"}],"author":[{"embeddable":true,"href":"https:\/\/claner.es\/en\/wp-json\/wp\/v2\/users\/1"}],"replies":[{"embeddable":true,"href":"https:\/\/claner.es\/en\/wp-json\/wp\/v2\/comments?post=1867"}],"version-history":[{"count":1,"href":"https:\/\/claner.es\/en\/wp-json\/wp\/v2\/posts\/1867\/revisions"}],"predecessor-version":[{"id":1876,"href":"https:\/\/claner.es\/en\/wp-json\/wp\/v2\/posts\/1867\/revisions\/1876"}],"wp:featuredmedia":[{"embeddable":true,"href":"https:\/\/claner.es\/en\/wp-json\/wp\/v2\/media\/1875"}],"wp:attachment":[{"href":"https:\/\/claner.es\/en\/wp-json\/wp\/v2\/media?parent=1867"}],"wp:term":[{"taxonomy":"category","embeddable":true,"href":"https:\/\/claner.es\/en\/wp-json\/wp\/v2\/categories?post=1867"},{"taxonomy":"post_tag","embeddable":true,"href":"https:\/\/claner.es\/en\/wp-json\/wp\/v2\/tags?post=1867"}],"curies":[{"name":"wp","href":"https:\/\/api.w.org\/{rel}","templated":true}]}}